{"id":10061,"date":"2024-10-17T15:55:57","date_gmt":"2024-10-17T18:55:57","guid":{"rendered":"https:\/\/firefly.aero\/?p=10061"},"modified":"2024-10-22T17:12:02","modified_gmt":"2024-10-22T20:12:02","slug":"traslado-en-helicoptero-a-portillo","status":"publish","type":"post","link":"https:\/\/firefly.aero\/index.php\/traslado-en-helicoptero-a-portillo\/","title":{"rendered":"Traslado en helic\u00f3ptero a Portillo"},"content":{"rendered":"<section class=\"l-section wpb_row height_auto\"><div class=\"l-section-h i-cf\"><div class=\"g-cols vc_row via_flex valign_top type_default stacking_default\"><div class=\"vc_col-sm-12 wpb_column vc_column_container\"><div class=\"vc_column-inner\"><div class=\"wpb_wrapper\"><div class=\"wpb_text_column\"><div class=\"wpb_wrapper\"><p>El traslado en helic\u00f3ptero a Portillo es una opci\u00f3n cada vez m\u00e1s popular entre los viajeros que visitan esta ic\u00f3nica estaci\u00f3n de esqu\u00ed chilena. La ventaja principal es que permite llegar directamente a la base de la monta\u00f1a, evitando largos desplazamientos en veh\u00edculo. Adem\u00e1s, se trata de una experiencia \u00fanica que combina la emoci\u00f3n de volar en helic\u00f3ptero con las impresionantes vistas de la cordillera de los Andes.<\/p>\n<p>El servicio de traslado en helic\u00f3ptero a Portillo se puede contratar desde diferentes lugares de Chile, como Santiago o Vi\u00f1a del Mar. La duraci\u00f3n del vuelo depende del punto de partida, pero por lo general no supera los 30 minutos. Durante el vuelo, se pueden apreciar paisajes de ensue\u00f1o, como los glaciares de la cordillera de los Andes, los valles verdes y los cerros nevados.<\/p>\n<p>Es importante mencionar que el traslado en helic\u00f3ptero a Portillo es una opci\u00f3n exclusiva y no est\u00e1 al alcance de todos los presupuestos. Sin embargo, muchas personas que valoran la comodidad, la rapidez y la exclusividad de este servicio, lo consideran una inversi\u00f3n que vale la pena hacer. Adem\u00e1s, se trata de una experiencia inolvidable que quedar\u00e1 grabada en la memoria de los viajeros para siempre.<\/p>\n<\/div><\/div><\/div><\/div><\/div><\/div><\/div><\/section>\n","protected":false},"excerpt":{"rendered":"El traslado en helic\u00f3ptero a Portillo es una opci\u00f3n cada vez m\u00e1s popular entre los viajeros que visitan esta ic\u00f3nica estaci\u00f3n de esqu\u00ed chilena. La ventaja principal es que permite llegar directamente a la base de la monta\u00f1a, evitando largos desplazamientos en veh\u00edculo. Adem\u00e1s, se trata de una experiencia \u00fanica que combina la emoci\u00f3n de...","protected":false},"author":3,"featured_media":10062,"comment_status":"closed","ping_status":"closed","sticky":false,"template":"","format":"standard","meta":{"footnotes":""},"categories":[107],"tags":[],"class_list":["post-10061","post","type-post","status-publish","format-standard","has-post-thumbnail","hentry","category-noticias"],"acf":[],"_links":{"self":[{"href":"https:\/\/firefly.aero\/index.php\/wp-json\/wp\/v2\/posts\/10061","targetHints":{"allow":["GET"]}}],"collection":[{"href":"https:\/\/firefly.aero\/index.php\/wp-json\/wp\/v2\/posts"}],"about":[{"href":"https:\/\/firefly.aero\/index.php\/wp-json\/wp\/v2\/types\/post"}],"author":[{"embeddable":true,"href":"https:\/\/firefly.aero\/index.php\/wp-json\/wp\/v2\/users\/3"}],"replies":[{"embeddable":true,"href":"https:\/\/firefly.aero\/index.php\/wp-json\/wp\/v2\/comments?post=10061"}],"version-history":[{"count":5,"href":"https:\/\/firefly.aero\/index.php\/wp-json\/wp\/v2\/posts\/10061\/revisions"}],"predecessor-version":[{"id":10643,"href":"https:\/\/firefly.aero\/index.php\/wp-json\/wp\/v2\/posts\/10061\/revisions\/10643"}],"wp:featuredmedia":[{"embeddable":true,"href":"https:\/\/firefly.aero\/index.php\/wp-json\/wp\/v2\/media\/10062"}],"wp:attachment":[{"href":"https:\/\/firefly.aero\/index.php\/wp-json\/wp\/v2\/media?parent=10061"}],"wp:term":[{"taxonomy":"category","embeddable":true,"href":"https:\/\/firefly.aero\/index.php\/wp-json\/wp\/v2\/categories?post=10061"},{"taxonomy":"post_tag","embeddable":true,"href":"https:\/\/firefly.aero\/index.php\/wp-json\/wp\/v2\/tags?post=10061"}],"curies":[{"name":"wp","href":"https:\/\/api.w.org\/{rel}","templated":true}]}}